{"id":3869,"date":"2024-05-13T09:39:32","date_gmt":"2024-05-13T09:39:32","guid":{"rendered":"https:\/\/www1.caminos.upm.es\/estructuras2\/?p=3869"},"modified":"2024-05-13T11:33:01","modified_gmt":"2024-05-13T11:33:01","slug":"participacion-de-profesores-del-departamento-en-la-jornada-informativa-eurocodigos-estructurales-2","status":"publish","type":"post","link":"http:\/\/www1.caminos.upm.es\/estructuras2\/es\/2024\/05\/13\/participacion-de-profesores-del-departamento-en-la-jornada-informativa-eurocodigos-estructurales-2\/","title":{"rendered":"Participaci\u00f3n de  profesores del Departamento en la Jornada Informativa Euroc\u00f3digos Estructurales"},"content":{"rendered":"\n<p>La&nbsp;Direcci\u00f3n General de Carreteras de Espa\u00f1a y el Colegio de Ingenieros de Caminos, Canales y Puertos organizan una&nbsp;jornada informativa&nbsp;sobre los Euroc\u00f3digos estructurales. Esta jornada se celebrar\u00e1 el&nbsp;pr\u00f3ximo&nbsp;23 de mayo de 2024 a las 9:15 horas, en formato presencial y&nbsp;online&nbsp;en el auditorio Agust\u00edn de Betancourt (calle Almagro,&nbsp;42. Madrid).&nbsp;<\/p>\n\n\n\n<p>Entre los ponentes participar\u00e1n los profesores del Departamento Jos\u00e9 Mar\u00eda Goicolea, Miguel Ortega y \u00c1lvaro Serrano, adem\u00e1s de otros destacados profesionales, miembros de la Direcci\u00f3n General de Carreteras de Espa\u00f1a, el Comit\u00e9 UNE de Euroc\u00f3digos estructurales&nbsp;(CTN 140) y el Grupo TYLIN.<\/p>\n\n\n\n<p>El objetivo de la Jornada es analizar las&nbsp;novedades de los nuevos Euroc\u00f3digos y comentar la pr\u00f3xima elaboraci\u00f3n de los&nbsp;anexos&nbsp;nacionales&nbsp;que, mediante la definici\u00f3n de los&nbsp;Par\u00e1metros de Determinaci\u00f3n Nacional, constituyen la&nbsp;herramienta imprescindible para una correcta aplicaci\u00f3n en Espa\u00f1a de estas normas&nbsp;europeas.<\/p>\n\n\n\n<p><\/p>\n\n\n\n<p><a rel=\"noreferrer noopener\" href=\"https:\/\/drive.google.com\/file\/d\/16hNhdBjwiqF0pUCWTZF2QpIBJw854dDV\/view\" target=\"_blank\">Programa<\/a><\/p>\n\n\n\n<p><\/p>\n\n\n\n<p>Formulario de inscripciones:<br><a href=\"https:\/\/www.colegiocaminos.es\/jornadas-y-eventos-2\/proyecto-con-eurocodigos-en-red-carreteras-estado\">hhttps:\/\/www.colegiocaminos.es\/jornadas-y-eventos-2\/proyecto-con-eurocodigos-en-red-carreteras-estado<\/a><\/p>\n","protected":false},"excerpt":{"rendered":"<p>La&nbsp;Direcci\u00f3n General de Carreteras de Espa\u00f1a y el Colegio de Ingenieros de Caminos, Canales y Puertos organizan una&nbsp;jornada informativa&nbsp;sobre los Euroc\u00f3digos estructurales. Esta jornada se celebrar\u00e1 el&nbsp;pr\u00f3ximo&nbsp;23 de mayo de 2024 a las 9:15 horas, en formato presencial y&nbsp;online&nbsp;en el auditorio Agust\u00edn de Betancourt (calle Almagro,&nbsp;42. Madrid).&nbsp; Entre los ponentes participar\u00e1n los profesores del Departamento [&hellip;]<\/p>\n","protected":false},"author":1,"featured_media":3878,"comment_status":"closed","ping_status":"closed","sticky":false,"template":"","format":"standard","meta":[],"categories":[1,91,87],"tags":[103,101,102,104],"_links":{"self":[{"href":"http:\/\/www1.caminos.upm.es\/estructuras2\/wp-json\/wp\/v2\/posts\/3869"}],"collection":[{"href":"http:\/\/www1.caminos.upm.es\/estructuras2\/wp-json\/wp\/v2\/posts"}],"about":[{"href":"http:\/\/www1.caminos.upm.es\/estructuras2\/wp-json\/wp\/v2\/types\/post"}],"author":[{"embeddable":true,"href":"http:\/\/www1.caminos.upm.es\/estructuras2\/wp-json\/wp\/v2\/users\/1"}],"replies":[{"embeddable":true,"href":"http:\/\/www1.caminos.upm.es\/estructuras2\/wp-json\/wp\/v2\/comments?post=3869"}],"version-history":[{"count":8,"href":"http:\/\/www1.caminos.upm.es\/estructuras2\/wp-json\/wp\/v2\/posts\/3869\/revisions"}],"predecessor-version":[{"id":3895,"href":"http:\/\/www1.caminos.upm.es\/estructuras2\/wp-json\/wp\/v2\/posts\/3869\/revisions\/3895"}],"wp:featuredmedia":[{"embeddable":true,"href":"http:\/\/www1.caminos.upm.es\/estructuras2\/wp-json\/wp\/v2\/media\/3878"}],"wp:attachment":[{"href":"http:\/\/www1.caminos.upm.es\/estructuras2\/wp-json\/wp\/v2\/media?parent=3869"}],"wp:term":[{"taxonomy":"category","embeddable":true,"href":"http:\/\/www1.caminos.upm.es\/estructuras2\/wp-json\/wp\/v2\/categories?post=3869"},{"taxonomy":"post_tag","embeddable":true,"href":"http:\/\/www1.caminos.upm.es\/estructuras2\/wp-json\/wp\/v2\/tags?post=3869"}],"curies":[{"name":"wp","href":"https:\/\/api.w.org\/{rel}","templated":true}]}}